{"id":2934,"date":"2021-08-12T16:18:05","date_gmt":"2021-08-12T14:18:05","guid":{"rendered":"http:\/\/sb-mannheim.badischer-schachverband.de\/wordpress\/?p=2934"},"modified":"2021-08-12T16:18:05","modified_gmt":"2021-08-12T14:18:05","slug":"neue-saison-mit-3g","status":"publish","type":"post","link":"http:\/\/sb-mannheim.badischer-schachverband.de\/wordpress\/?p=2934","title":{"rendered":"Neue Saison &#8211; mit &#8222;3G&#8220;"},"content":{"rendered":"<p>Hallo Schachfreunde,<\/p>\n<p>die Vorbereitungen f\u00fcr die neue Saison laufen in Hochtouren und eine gewisse Vorfreude ist bereits zu sp\u00fcren.<\/p>\n<p>Ab Montag den 16.08.2021 soll die Inzidenz in BaW\u00fc keine Rolle mehr spielen (andere Bundesl\u00e4nder werden folgen), stattdessen gelten grunds\u00e4tzlich die \u201e3G\u201c Regeln. F\u00fcr die Teilnahme am \u00f6ffentlichen Leben m\u00fcssen die Menschen ab einem bestimmten Alter geimpft, genesen oder getestet sein. Dies bedeutet f\u00fcr uns, dass die Selbsttests (wie z.B. in der Indoorgastronomie oder beim Friseur verwendet) nicht mehr zul\u00e4ssig sind, sondern nur noch bescheinigte Schnelltests von einer autorisierten Einrichtung. Diese werden ab Mitte Oktober kostenpflichtig sein.<\/p>\n<p>\u00c4ltere Sch\u00fcler und Sch\u00fclerinnen die nach bisherigen Vorgaben ohnehin regelm\u00e4\u00dfig an den Schulen getestet werden sind von diesen Regelungen befreit.<\/p>\n<p>Ich habe beim Badischen Schachverband darum gebeten, Richtlinien zu erstellen, dass jeder Verein genau wei\u00df, wie er sich bei Verbandsspielen zu verhalten hat und was zu tun ist.<\/p>\n<p><strong>Daher an dieser Stelle mein Appell an alle, die bisher noch nicht geimpft sind, sich impfen zu lassen. Der Geimpfte profitiert nicht nur vom Schutz gegen eine schwere Corona \u2013 Erkrankung sondern Sch\u00fctzt auch seine Familie, Freunde und Schachpartner. \u00a0<\/strong><\/p>\n<p>Ungeachtet dessen gehen wir voller Vorfreude in die neue Saison. Zu lange mussten wir auf Pr\u00e4senzschach verzichten.<\/p>\n<p>Mit sportlichen Gr\u00fc\u00dfen<\/p>\n<p>Rainer Molfenter<br \/>\nSchachbezirk Mannheim<\/p>\n<p><span style=\"color: #ff0000;\"><strong>GESUND BLEIBEN \u2013 ABSTAND HALTEN!<br \/>\nSTAY HEALTHY \u2013 KEEP A DISTANCE!<\/strong><\/span><\/p>\n","protected":false},"excerpt":{"rendered":"<p>Hallo Schachfreunde, die Vorbereitungen f\u00fcr die neue Saison laufen in Hochtouren und eine gewisse Vorfreude ist bereits zu sp\u00fcren. Ab Montag den 16.08.2021 soll die Inzidenz in BaW\u00fc keine Rolle mehr spielen (andere Bundesl\u00e4nder werden folgen), stattdessen gelten grunds\u00e4tzlich die \u201e3G\u201c Regeln. F\u00fcr die Teilnahme am \u00f6ffentlichen Leben m\u00fcssen die Menschen ab einem bestimmten Alter [&hellip;]<\/p>\n","protected":false},"author":11,"featured_media":0,"comment_status":"closed","ping_status":"closed","sticky":false,"template":"","format":"standard","meta":{"footnotes":""},"categories":[14],"tags":[],"class_list":["post-2934","post","type-post","status-publish","format-standard","hentry","category-bezirk"],"_links":{"self":[{"href":"http:\/\/sb-mannheim.badischer-schachverband.de\/wordpress\/index.php?rest_route=\/wp\/v2\/posts\/2934","targetHints":{"allow":["GET"]}}],"collection":[{"href":"http:\/\/sb-mannheim.badischer-schachverband.de\/wordpress\/index.php?rest_route=\/wp\/v2\/posts"}],"about":[{"href":"http:\/\/sb-mannheim.badischer-schachverband.de\/wordpress\/index.php?rest_route=\/wp\/v2\/types\/post"}],"author":[{"embeddable":true,"href":"http:\/\/sb-mannheim.badischer-schachverband.de\/wordpress\/index.php?rest_route=\/wp\/v2\/users\/11"}],"replies":[{"embeddable":true,"href":"http:\/\/sb-mannheim.badischer-schachverband.de\/wordpress\/index.php?rest_route=%2Fwp%2Fv2%2Fcomments&post=2934"}],"version-history":[{"count":1,"href":"http:\/\/sb-mannheim.badischer-schachverband.de\/wordpress\/index.php?rest_route=\/wp\/v2\/posts\/2934\/revisions"}],"predecessor-version":[{"id":2935,"href":"http:\/\/sb-mannheim.badischer-schachverband.de\/wordpress\/index.php?rest_route=\/wp\/v2\/posts\/2934\/revisions\/2935"}],"wp:attachment":[{"href":"http:\/\/sb-mannheim.badischer-schachverband.de\/wordpress\/index.php?rest_route=%2Fwp%2Fv2%2Fmedia&parent=2934"}],"wp:term":[{"taxonomy":"category","embeddable":true,"href":"http:\/\/sb-mannheim.badischer-schachverband.de\/wordpress\/index.php?rest_route=%2Fwp%2Fv2%2Fcategories&post=2934"},{"taxonomy":"post_tag","embeddable":true,"href":"http:\/\/sb-mannheim.badischer-schachverband.de\/wordpress\/index.php?rest_route=%2Fwp%2Fv2%2Ftags&post=2934"}],"curies":[{"name":"wp","href":"https:\/\/api.w.org\/{rel}","templated":true}]}}