{"id":3621,"date":"2025-05-29T12:01:48","date_gmt":"2025-05-29T10:01:48","guid":{"rendered":"http:\/\/sb-mannheim.badischer-schachverband.de\/wordpress\/?p=3621"},"modified":"2025-05-29T12:06:35","modified_gmt":"2025-05-29T10:06:35","slug":"bezirksversammlung","status":"publish","type":"post","link":"http:\/\/sb-mannheim.badischer-schachverband.de\/wordpress\/?p=3621","title":{"rendered":"Bezirksversammlung"},"content":{"rendered":"<p>Hallo Schachfreunde,<\/p>\n<p>hiermit lade ich Euch zur zweiten Bezirksversammlung in diesem Jahr recht herzlich ein.<\/p>\n<p><strong>Termin:\u00a0\u00a0\u00a0\u00a0\u00a0\u00a0\u00a0\u00a0 25.06.2025<\/strong><br \/>\n<strong>Beginn:\u00a0\u00a0\u00a0\u00a0\u00a0\u00a0\u00a0\u00a0\u00a0 19:30 Uhr <\/strong><br \/>\n<strong>Ort:\u00a0\u00a0\u00a0\u00a0\u00a0\u00a0\u00a0\u00a0\u00a0\u00a0\u00a0\u00a0\u00a0\u00a0\u00a0 Restaurant \u201eKrautwickel\u201c Mallaustr. 111, 68199 Mannheim\u00a0\u00a0<\/strong><\/p>\n<p>Neben den Themen in der Tagesordnung werden selbstverst\u00e4ndlich die Vorbereitungen f\u00fcr die kommenden Saison 2025 \/ 2026 im Vordergrund stehen.<\/p>\n<p><strong>Tagesordnung:<\/strong><\/p>\n<p>TOP 1 \u00a0\u00a0\u00a0\u00a0\u00a0\u00a0\u00a0\u00a0\u00a0\u00a0\u00a0Begr\u00fc\u00dfung und Feststellung der Beschlussf\u00e4higkeit durch ordnungsgem\u00e4\u00dfe Einladung (\u00a78.3 der Satzung)<br \/>\nTOP 2\u00a0\u00a0\u00a0\u00a0\u00a0\u00a0\u00a0\u00a0\u00a0\u00a0\u00a0\u00a0Best\u00e4tigung der Tagesordnung<br \/>\nTOP 3\u00a0\u00a0\u00a0\u00a0\u00a0\u00a0\u00a0\u00a0\u00a0\u00a0\u00a0\u00a0Gedenken und Ehrungen<br \/>\nTOP 3a\u00a0\u00a0\u00a0\u00a0\u00a0\u00a0 \u00a0\u00a0\u00a0\u00a0Best\u00e4tigung von Thomas Barei\u00df als WEB \u2013 Master<br \/>\nTOP4\u00a0 \u00a0\u00a0\u00a0\u00a0\u00a0\u00a0\u00a0\u00a0\u00a0\u00a0\u00a0Berichte der Vorstandsmitglieder<br \/>\nTOP 5\u00a0\u00a0\u00a0\u00a0\u00a0\u00a0\u00a0\u00a0\u00a0\u00a0\u00a0\u00a0Verbandsrunde 2024\/2025<br \/>\nTOP 6\u00a0\u00a0\u00a0\u00a0\u00a0\u00a0\u00a0\u00a0\u00a0\u00a0\u00a0 Verbandsrunde 2025\/2026 \u2013 Neuerungen durch das neue Tool der Mitgliederverwaltung\u00a0Umsetzung der aus dem Verbandstag beschlossenen Neuerungen bei der Rangliste und des Spielbetriebs<\/p>\n<p>TOP 7\u00a0\u00a0\u00a0\u00a0\u00a0\u00a0\u00a0\u00a0\u00a0\u00a0\u00a0\u00a0Antr\u00e4ge*<br \/>\nTOP 8\u00a0\u00a0\u00a0\u00a0\u00a0\u00a0\u00a0\u00a0\u00a0\u00a0\u00a0 Verschiedenes<br \/>\nTOP 9\u00a0\u00a0\u00a0\u00a0\u00a0\u00a0\u00a0\u00a0\u00a0\u00a0\u00a0 Termine<\/p>\n<p><strong>* Antr\u00e4ge sind schriftlich bis zum 16.06.2025 beim Bezirksleiter einzureichen<\/strong><\/p>\n<p>Bitte um Beachtung:<\/p>\n<p>Anwesenheitspflicht Bezirksversammlung: Gem\u00e4\u00df der Verfahrensordnung des Schachbezirkes (BezVO \u00a75.2) hat der Schachbezirk die M\u00f6glichkeit ein Bu\u00dfgeld in H\u00f6he von 50,- \u20ac zu verh\u00e4ngen, sofern ein Verein an beiden Bezirksversammlungen eines Kalenderjahres nicht teilnimmt. Von dieser M\u00f6glichkeit werden wir Gebrauch machen.<\/p>\n","protected":false},"excerpt":{"rendered":"<p>Hallo Schachfreunde, hiermit lade ich Euch zur zweiten Bezirksversammlung in diesem Jahr recht herzlich ein. Termin:\u00a0\u00a0\u00a0\u00a0\u00a0\u00a0\u00a0\u00a0 25.06.2025 Beginn:\u00a0\u00a0\u00a0\u00a0\u00a0\u00a0\u00a0\u00a0\u00a0 19:30 Uhr Ort:\u00a0\u00a0\u00a0\u00a0\u00a0\u00a0\u00a0\u00a0\u00a0\u00a0\u00a0\u00a0\u00a0\u00a0\u00a0 Restaurant \u201eKrautwickel\u201c Mallaustr. 111, 68199 Mannheim\u00a0\u00a0 Neben den Themen in der Tagesordnung werden selbstverst\u00e4ndlich die Vorbereitungen f\u00fcr die kommenden Saison 2025 \/ 2026 im Vordergrund stehen. Tagesordnung: TOP 1 \u00a0\u00a0\u00a0\u00a0\u00a0\u00a0\u00a0\u00a0\u00a0\u00a0\u00a0Begr\u00fc\u00dfung und Feststellung der Beschlussf\u00e4higkeit [&hellip;]<\/p>\n","protected":false},"author":13,"featured_media":0,"comment_status":"closed","ping_status":"closed","sticky":false,"template":"","format":"standard","meta":{"footnotes":""},"categories":[14],"tags":[],"class_list":["post-3621","post","type-post","status-publish","format-standard","hentry","category-bezirk"],"_links":{"self":[{"href":"http:\/\/sb-mannheim.badischer-schachverband.de\/wordpress\/index.php?rest_route=\/wp\/v2\/posts\/3621","targetHints":{"allow":["GET"]}}],"collection":[{"href":"http:\/\/sb-mannheim.badischer-schachverband.de\/wordpress\/index.php?rest_route=\/wp\/v2\/posts"}],"about":[{"href":"http:\/\/sb-mannheim.badischer-schachverband.de\/wordpress\/index.php?rest_route=\/wp\/v2\/types\/post"}],"author":[{"embeddable":true,"href":"http:\/\/sb-mannheim.badischer-schachverband.de\/wordpress\/index.php?rest_route=\/wp\/v2\/users\/13"}],"replies":[{"embeddable":true,"href":"http:\/\/sb-mannheim.badischer-schachverband.de\/wordpress\/index.php?rest_route=%2Fwp%2Fv2%2Fcomments&post=3621"}],"version-history":[{"count":3,"href":"http:\/\/sb-mannheim.badischer-schachverband.de\/wordpress\/index.php?rest_route=\/wp\/v2\/posts\/3621\/revisions"}],"predecessor-version":[{"id":3624,"href":"http:\/\/sb-mannheim.badischer-schachverband.de\/wordpress\/index.php?rest_route=\/wp\/v2\/posts\/3621\/revisions\/3624"}],"wp:attachment":[{"href":"http:\/\/sb-mannheim.badischer-schachverband.de\/wordpress\/index.php?rest_route=%2Fwp%2Fv2%2Fmedia&parent=3621"}],"wp:term":[{"taxonomy":"category","embeddable":true,"href":"http:\/\/sb-mannheim.badischer-schachverband.de\/wordpress\/index.php?rest_route=%2Fwp%2Fv2%2Fcategories&post=3621"},{"taxonomy":"post_tag","embeddable":true,"href":"http:\/\/sb-mannheim.badischer-schachverband.de\/wordpress\/index.php?rest_route=%2Fwp%2Fv2%2Ftags&post=3621"}],"curies":[{"name":"wp","href":"https:\/\/api.w.org\/{rel}","templated":true}]}}