{"id":3720,"date":"2026-03-08T14:26:14","date_gmt":"2026-03-08T13:26:14","guid":{"rendered":"http:\/\/sb-mannheim.badischer-schachverband.de\/wordpress\/?p=3720"},"modified":"2026-03-08T14:30:53","modified_gmt":"2026-03-08T13:30:53","slug":"einladung-zur-bezirksversammlung-5","status":"publish","type":"post","link":"http:\/\/sb-mannheim.badischer-schachverband.de\/wordpress\/?p=3720","title":{"rendered":"Einladung zur Bezirksversammlung"},"content":{"rendered":"\n<p>Hallo Schachfreunde,<\/p>\n\n\n\n<p>am 20.06.2026 findet im Neum\u00fchl der n\u00e4chste Verbandstag statt. Das Pr\u00e4sidium des BSV w\u00fcnscht im Voraus zu wissen, wie die Bezirke zu der geplanten Fusion mit Baden \u2013 W\u00fcrttemberg stehen. Egal ob es zu dieser Fusion kommen wird oder nicht, ist in jedem Fall eine Reform der Bezirke im Badischen Schachverband vorgesehen, d.h. die Bezirke Mannheim und Heidelberg w\u00fcrden, wie bei einer Fusion mit BaW\u00fc zusammengelegt werden.<\/p>\n\n\n\n<p>Aus diesem Grund m\u00fcssen wir die geplante Bezirksversammlung eine Woche vorziehen. Das hat zum Vorteil, dass wir keine separate Sitzung mit den Delegierten machen m\u00fcssen, da diese das Stimmungsbild direkt aus der Bezirksversammlung mitnehmen k\u00f6nnen.<\/p>\n\n\n\n<p><strong>Sollte ein Verein nicht an der Bezirksversammlung teilnehmen k\u00f6nnen, soll dieser mir bitte bis sp\u00e4testens 17.06.2026 per Mail mitteilen, wie er zu der geplanten Fusion steht. Bitte keine Romane \u00fcber das f\u00fcr und wider sondern nur kurz und knapp das Votum. &nbsp;&nbsp;<\/strong><\/p>\n\n\n\n<p>Hiermit lade ich Euch zur zweiten Bezirksversammlung in diesem Jahr recht herzlich ein. &nbsp;<\/p>\n\n\n\n<p><strong>Termin:&nbsp;&nbsp;&nbsp;&nbsp;&nbsp;&nbsp;&nbsp;&nbsp; 18.06.2026<\/strong><\/p>\n\n\n\n<p><strong>Beginn:&nbsp;&nbsp;&nbsp;&nbsp;&nbsp;&nbsp;&nbsp;&nbsp;&nbsp; 19:30 Uhr<\/strong><\/p>\n\n\n\n<p><strong>Ort:&nbsp;&nbsp;&nbsp;&nbsp;&nbsp;&nbsp;&nbsp;&nbsp;&nbsp;&nbsp;&nbsp;&nbsp;&nbsp;&nbsp;&nbsp; Restaurant \u201eKrautwickel\u201c Mallaustr. 111, 68199 Mannheim&nbsp;&nbsp;<\/strong><\/p>\n\n\n\n<p>Neben dem Hauptthema \u201egeplante Fusion\u201c mit dem Schachverband W\u00fcrttemberg werden wir selbstverst\u00e4ndlich die abgelaufene Saison besprechen und auch die Vorbereitungen f\u00fcr die kommenden Saison 2026 \/ 2027.&nbsp;<\/p>\n\n\n\n<p><strong>Tagesordnung:<\/strong><\/p>\n\n\n\n<p>TOP 1\u00a0\u00a0\u00a0\u00a0\u00a0\u00a0\u00a0\u00a0 Begr\u00fc\u00dfung und Feststellung der Beschlussf\u00e4higkeit durch ordnungsgem\u00e4\u00dfe  Einladung (\u00a78.3 der Satzung)<br>TOP 2\u00a0\u00a0\u00a0\u00a0\u00a0\u00a0\u00a0\u00a0 Best\u00e4tigung der Tagesordnung<br>TOP 3\u00a0\u00a0\u00a0\u00a0\u00a0\u00a0\u00a0\u00a0 Gedenken und Ehrungen<br>TOP 4\u00a0\u00a0\u00a0\u00a0\u00a0\u00a0\u00a0\u00a0 Best\u00e4tigung von Jannik Huck als WEB \u2013 Master \u00a0\u00a0\u00a0\u00a0\u00a0\u00a0\u00a0<br>TOP 5\u00a0\u00a0\u00a0\u00a0\u00a0\u00a0\u00a0\u00a0 Berichte der Vorstandsmitglieder<br>TOP 6\u00a0\u00a0\u00a0\u00a0\u00a0\u00a0\u00a0\u00a0 Res\u00fcmee Verbandsrunde 2025\/2026<br>TOP 7\u00a0\u00a0\u00a0\u00a0\u00a0\u00a0\u00a0\u00a0 Verbandsrunde 2026\/2027<br>TOP 8\u00a0\u00a0\u00a0\u00a0\u00a0\u00a0\u00a0\u00a0 geplante Fusion der Schachverb\u00e4nde Baden und W\u00fcrttemberg\u00a0\u00a0\u00a0\u00a0\u00a0\u00a0\u00a0\u00a0<br>TOP 9\u00a0\u00a0\u00a0\u00a0\u00a0\u00a0\u00a0\u00a0 Antr\u00e4ge*<br>TOP 10\u00a0\u00a0\u00a0\u00a0\u00a0\u00a0 Verschiedenes<br>TOP 11\u00a0\u00a0\u00a0\u00a0\u00a0\u00a0 Termine<\/p>\n\n\n\n<p><strong>* Antr\u00e4ge sind schriftlich bis zum 13.06.2026 beim Bezirksleiter einzureichen<\/strong><\/p>\n\n\n\n<p>Bitte um Beachtung:<\/p>\n\n\n\n<p>Anwesenheitspflicht Bezirksversammlung: Gem\u00e4\u00df der Verfahrensordnung des Schachbezirkes (BezVO \u00a75.2) hat der Schachbezirk die M\u00f6glichkeit ein Bu\u00dfgeld in H\u00f6he von 50,- \u20ac zu verh\u00e4ngen, sofern ein Verein an beiden Bezirksversammlungen eines Kalenderjahres nicht teilnimmt. Von dieser M\u00f6glichkeit werden wir Gebrauch machen.<\/p>\n\n\n\n<p><\/p>\n\n\n\n<p>Mit sportlichen Gr\u00fc\u00dfen<br>Rainer Molfenter<br>Schachbezirk Mannheim<\/p>\n","protected":false},"excerpt":{"rendered":"<p>Hallo Schachfreunde, am 20.06.2026 findet im Neum\u00fchl der n\u00e4chste Verbandstag statt. Das Pr\u00e4sidium des BSV w\u00fcnscht im Voraus zu wissen, wie die Bezirke zu der geplanten Fusion mit Baden \u2013 W\u00fcrttemberg stehen. Egal ob es zu dieser Fusion kommen wird oder nicht, ist in jedem Fall eine Reform der Bezirke im Badischen Schachverband vorgesehen, d.h. [&hellip;]<\/p>\n","protected":false},"author":13,"featured_media":0,"comment_status":"closed","ping_status":"closed","sticky":false,"template":"","format":"standard","meta":{"footnotes":""},"categories":[1],"tags":[],"class_list":["post-3720","post","type-post","status-publish","format-standard","hentry","category-uncategorized"],"_links":{"self":[{"href":"http:\/\/sb-mannheim.badischer-schachverband.de\/wordpress\/index.php?rest_route=\/wp\/v2\/posts\/3720","targetHints":{"allow":["GET"]}}],"collection":[{"href":"http:\/\/sb-mannheim.badischer-schachverband.de\/wordpress\/index.php?rest_route=\/wp\/v2\/posts"}],"about":[{"href":"http:\/\/sb-mannheim.badischer-schachverband.de\/wordpress\/index.php?rest_route=\/wp\/v2\/types\/post"}],"author":[{"embeddable":true,"href":"http:\/\/sb-mannheim.badischer-schachverband.de\/wordpress\/index.php?rest_route=\/wp\/v2\/users\/13"}],"replies":[{"embeddable":true,"href":"http:\/\/sb-mannheim.badischer-schachverband.de\/wordpress\/index.php?rest_route=%2Fwp%2Fv2%2Fcomments&post=3720"}],"version-history":[{"count":2,"href":"http:\/\/sb-mannheim.badischer-schachverband.de\/wordpress\/index.php?rest_route=\/wp\/v2\/posts\/3720\/revisions"}],"predecessor-version":[{"id":3727,"href":"http:\/\/sb-mannheim.badischer-schachverband.de\/wordpress\/index.php?rest_route=\/wp\/v2\/posts\/3720\/revisions\/3727"}],"wp:attachment":[{"href":"http:\/\/sb-mannheim.badischer-schachverband.de\/wordpress\/index.php?rest_route=%2Fwp%2Fv2%2Fmedia&parent=3720"}],"wp:term":[{"taxonomy":"category","embeddable":true,"href":"http:\/\/sb-mannheim.badischer-schachverband.de\/wordpress\/index.php?rest_route=%2Fwp%2Fv2%2Fcategories&post=3720"},{"taxonomy":"post_tag","embeddable":true,"href":"http:\/\/sb-mannheim.badischer-schachverband.de\/wordpress\/index.php?rest_route=%2Fwp%2Fv2%2Ftags&post=3720"}],"curies":[{"name":"wp","href":"https:\/\/api.w.org\/{rel}","templated":true}]}}